{"id":145,"date":"2019-01-14T20:00:10","date_gmt":"2019-01-14T20:00:10","guid":{"rendered":"http:\/\/www.logopoint.cz\/?p=145"},"modified":"2019-01-19T19:10:16","modified_gmt":"2019-01-19T19:10:16","slug":"rozsireni-sluzeb-o-ergoterapii","status":"publish","type":"post","link":"https:\/\/www.logopoint.cz\/index.php\/2019\/01\/14\/rozsireni-sluzeb-o-ergoterapii\/","title":{"rendered":"Roz\u0161\u00ed\u0159en\u00ed slu\u017eeb o Ergoterapii"},"content":{"rendered":"\n<p> Roz\u0161\u00ed\u0159ili jsme na\u0161e slu\u017eby a nab\u00edz\u00edme V\u00e1m slu\u017eby ergoterapeuta.&nbsp;<\/p>\n\n\n\n<p>Poskytujeme individu\u00e1ln\u00ed i skupinovou&nbsp;<strong>ergoterapii&nbsp;<\/strong>p\u0159\u00edmo v ordinaci, nebo po domluv\u011b i v dom\u00e1c\u00edm prost\u0159ed\u00ed.<\/p>\n\n\n\n<p style=\"text-align:left\">Co nab\u00edz\u00edme:<\/p>\n\n\n\n<ul><li> rehabilita\u010dn\u00ed cvi\u010den\u00ed po c\u00e9vn\u00ed mozkov\u00e9 p\u0159\u00edhod\u011b (CMP) <\/li><li>rehabilita\u010dn\u00ed cvi\u010den\u00ed po \u00farazech a operac\u00edch horn\u00edch kon\u010detin <\/li><li>komplexn\u00ed p\u00e9\u010di pro d\u011bti s v\u00fdvojov\u00fdmi poruchami (v\u00fdvojov\u00e1 dysf\u00e1zie, PAS) <\/li><li> aplikaci dlah URIAS <\/li><li> MIRROR THERAPY (cvi\u010den\u00ed se zrcadlem) <\/li><li> tr\u00e9nink kognitivn\u00edch funkc\u00ed <\/li><li> n\u00e1cvik sob\u011bsta\u010dnosti ADL <\/li><li> poradenstv\u00ed ke kompenza\u010dn\u00edm pom\u016fck\u00e1m<\/li><\/ul>\n\n\n\n<p>Samoz\u0159ejmost\u00ed je \u00fazk\u00e1 spolupr\u00e1ce s dal\u0161\u00edmi odborn\u00edky (neurolog, praktick\u00fd, l\u00e9ka\u0159, pediatr, fyzioterapeut, klinick\u00fd logoped,&nbsp; psycholog).<br><\/p>\n\n\n\n<p>Nab\u00edz\u00edme kr\u00e1tk\u00e9 objednac\u00ed term\u00edny, vl\u00eddn\u00fd a profesion\u00e1ln\u00ed p\u0159\u00edstup.<br><\/p>\n\n\n\n<p>Nab\u00edz\u00edme tak\u00e9&nbsp;<strong>ergoterapii na m\u00edru<\/strong>&nbsp;p\u0159\u00edmo pro Va\u0161e za\u0159\u00edzen\u00ed (Kluby senior\u016f nebo soci\u00e1ln\u00ed a zdravotnick\u00e1 za\u0159\u00edzen\u00ed). Zvl\u00e1\u0161tn\u00ed p\u0159\u00edplatek dle domluvy na materi\u00e1ly u \u010dinnost\u00ed &#8211; skupinov\u00e1 keramika, muzikoterapie, pr\u00e1ce s hlasem.&nbsp;<\/p>\n\n\n\n<p>P\u00e9\u010de nen\u00ed hrazena z ve\u0159ejn\u00e9ho zdravotn\u00edho poji\u0161t\u011bn\u00ed.&nbsp;<\/p>\n\n\n\n<p>Cen\u00edk: (platba v hotovosti, v p\u0159\u00edpad\u011b p\u0159edplatn\u00e9ho mo\u017enost platby i na \u00fa\u010det)<\/p>\n\n\n\n<ul><li>Individu\u00e1ln\u00ed terapie (60 min) 700 K\u010d<\/li><li>Individu\u00e1ln\u00ed terapie v dom\u00e1c\u00edm prost\u0159ed\u00ed 800 K\u010d<\/li><li>Skupinov\u00e1 terapie (60 min) 850 K\u010d<\/li><\/ul>\n\n\n\n<p>Objedn\u00e1vky na telefonn\u00edch \u010d\u00edslech. B\u011bhem terapi\u00ed telefony nezved\u00e1me. Zkuste to pros\u00edm znovu, nebo po\u0161lete sms a my se V\u00e1m ozveme zp\u011bt.<\/p>\n\n\n\n<p><br>Tel: 604690929, 737711183<br>Mail:\u00a0<a rel=\"noreferrer noopener\" href=\"mailto:info@logopoint.cz\" target=\"_blank\">info@logopoint.cz<\/a><\/p>\n\n\n\n<div class=\"wp-block-image\"><figure class=\"aligncenter\"><img decoding=\"async\" loading=\"lazy\" width=\"470\" height=\"504\" src=\"http:\/\/www.logopoint.cz\/wp-content\/uploads\/2019\/01\/ergoterapie-425x415.jpg\" alt=\"\" class=\"wp-image-170\" srcset=\"https:\/\/www.logopoint.cz\/wp-content\/uploads\/2019\/01\/ergoterapie-425x415.jpg 470w, https:\/\/www.logopoint.cz\/wp-content\/uploads\/2019\/01\/ergoterapie-425x415-280x300.jpg 280w\" sizes=\"(max-width: 470px) 100vw, 470px\" \/><\/figure><\/div>\n","protected":false},"excerpt":{"rendered":"<p>Roz\u0161\u00ed\u0159ili jsme na\u0161e slu\u017eby a nab\u00edz\u00edme V\u00e1m slu\u017eby ergoterapeuta.&nbsp; Poskytujeme individu\u00e1ln\u00ed i skupinovou&nbsp;ergoterapii&nbsp;p\u0159\u00edmo v ordinaci, nebo po domluv\u011b i v dom\u00e1c\u00edm prost\u0159ed\u00ed. Co nab\u00edz\u00edme: rehabilita\u010dn\u00ed cvi\u010den\u00ed po c\u00e9vn\u00ed mozkov\u00e9 p\u0159\u00edhod\u011b (CMP) rehabilita\u010dn\u00ed cvi\u010den\u00ed po \u00farazech a operac\u00edch horn\u00edch kon\u010detin komplexn\u00ed p\u00e9\u010di pro d\u011bti s v\u00fdvojov\u00fdmi poruchami (v\u00fdvojov\u00e1 dysf\u00e1zie, PAS) aplikaci dlah URIAS MIRROR THERAPY (cvi\u010den\u00ed [&hellip;]<\/p>\n","protected":false},"author":1,"featured_media":169,"comment_status":"open","ping_status":"open","sticky":false,"template":"","format":"standard","meta":{"_mi_skip_tracking":false,"_exactmetrics_sitenote_active":false,"_exactmetrics_sitenote_note":"","_exactmetrics_sitenote_category":0,"footnotes":""},"categories":[3],"tags":[],"_links":{"self":[{"href":"https:\/\/www.logopoint.cz\/index.php\/wp-json\/wp\/v2\/posts\/145"}],"collection":[{"href":"https:\/\/www.logopoint.cz\/index.php\/wp-json\/wp\/v2\/posts"}],"about":[{"href":"https:\/\/www.logopoint.cz\/index.php\/wp-json\/wp\/v2\/types\/post"}],"author":[{"embeddable":true,"href":"https:\/\/www.logopoint.cz\/index.php\/wp-json\/wp\/v2\/users\/1"}],"replies":[{"embeddable":true,"href":"https:\/\/www.logopoint.cz\/index.php\/wp-json\/wp\/v2\/comments?post=145"}],"version-history":[{"count":12,"href":"https:\/\/www.logopoint.cz\/index.php\/wp-json\/wp\/v2\/posts\/145\/revisions"}],"predecessor-version":[{"id":175,"href":"https:\/\/www.logopoint.cz\/index.php\/wp-json\/wp\/v2\/posts\/145\/revisions\/175"}],"wp:featuredmedia":[{"embeddable":true,"href":"https:\/\/www.logopoint.cz\/index.php\/wp-json\/wp\/v2\/media\/169"}],"wp:attachment":[{"href":"https:\/\/www.logopoint.cz\/index.php\/wp-json\/wp\/v2\/media?parent=145"}],"wp:term":[{"taxonomy":"category","embeddable":true,"href":"https:\/\/www.logopoint.cz\/index.php\/wp-json\/wp\/v2\/categories?post=145"},{"taxonomy":"post_tag","embeddable":true,"href":"https:\/\/www.logopoint.cz\/index.php\/wp-json\/wp\/v2\/tags?post=145"}],"curies":[{"name":"wp","href":"https:\/\/api.w.org\/{rel}","templated":true}]}}